{"id":572,"date":"2019-05-26T22:01:24","date_gmt":"2019-05-26T20:01:24","guid":{"rendered":"http:\/\/www.lili-vogel.de\/wordpress\/?p=572"},"modified":"2019-05-26T22:10:35","modified_gmt":"2019-05-26T20:10:35","slug":"goetterdaemmerung-in-duisburg-und-was-sonst-noch-los-war","status":"publish","type":"post","link":"http:\/\/www.lili-vogel.de\/wordpress\/2019\/05\/26\/goetterdaemmerung-in-duisburg-und-was-sonst-noch-los-war\/","title":{"rendered":"G\u00f6tterd\u00e4mmerung in Duisburg und was sonst noch los war"},"content":{"rendered":"<p>Am 05.05. war ich endlich wieder in einer G\u00f6tterd\u00e4mmerung! Es war bereits meine neunte, und meine erste Premiere! (Normalerweise h\u00e4tte ich nie eine Karte f\u00fcr eine Premiere gekauft, denn beim heutigen Regietheater wei\u00df man nie, ob&#8217;s einem gefallen wird. Schlimmstenfalls wallt man arglos ins Opernhaus, und dann m\u00fcssen die S\u00e4nger alle unter Holzmasken der alemannischen Fasnet singen oder was auch immer. Lieber kaufe ich Karten f\u00fcr eine sp\u00e4tere Saison, wenn es schon Bilder und Kritiken gibt.)<br \/>\nDiesmal aber wusste ich schon, wie die Inszenierung aussieht, denn ebendiese durfte sich bereits 2018 in D\u00fcsseldorf der \u00d6ffentlichkeit stellen. (Die Kost\u00fcme der Solisten finde ich wundersch\u00f6n, bin aber nicht sicher, ob das Geschehen auf der B\u00fchne mir zugesagt h\u00e4tte.)<\/p>\n<p>Also, eine Karte gekauft (es gab nur noch welche in Reihe 2, oh wehe! Ich will doch immer Reihe 1! Eins! Eins!!!!).<br \/>\nDoch dann, einen Monat vor der Duisburger Premiere, wurde das Duisburger Theater von der eigenen Sprinkleranlage mit 80.000 Liter Wasser geflutet. Man beachte, dass in der G\u00f6tterd\u00e4mmerung der Rhein \u00fcber die Ufer tritt und die Ruinen der Gibichungenhalle \u00fcberflutet. Als h\u00e4tte das Schicksal gesagt: &#8222;Ihr wollt G\u00f6tterd\u00e4mmerung proben? Dann mal los!&#8220;<\/p>\n<p>Also: &#8222;Was ist&#8217;s mit den ewigen G\u00f6ttern?&#8220; Zun\u00e4chst war nicht einmal sicher, ob und wo und in welchem Umfang sie aufgef\u00fchrt werden konnte, denn die B\u00fchne war unbespielbar geworden. Nach einiger Zeit des Wartens dann die Auskunft: Die G\u00f6tterd\u00e4mmerung findet doch statt! Und zwar in der Mercatorhalle, und \u2013 jetzt kommt&#8217;s, jetzt kommt&#8217;s \u2013 KONZERTANT!<\/p>\n<p>Das soll hei\u00dfen: Keine Inszenierung, keine Kost\u00fcme. Konzertant hei\u00dft aber auch: Kein Regietheaterunsinn (sofern es hier welchen gegeben h\u00e4tte)! Falls das jemand liest, der Regietheater zu sch\u00e4tzen wei\u00df: Das freut mich f\u00fcr euch. Vielleicht bin ich in euren Augen ein Banause, aber dann soll es so sein. Fr\u00fcher \u00fcbrigens war ich um einiges toleranter in Bezug auf kreative Regisseure, aber zwei (finde ich) grauenvolle Inszenierungen haben mich auf ewig vergr\u00e4mt.<\/p>\n<p>Also, eine konzertante G\u00f6tterd\u00e4mmerung! Am 05.05. war ich dort. Der Intendant (?) hat sich vor Beginn tief ger\u00fchrt beim Publikum f\u00fcr seine Treue bedankt, das war wirklich sch\u00f6n. Es gibt \u00fcbrigens Leute, die fahren sogar 550 Kilometer, um einer gezwungenerma\u00dfen konzertanten G\u00f6tterd\u00e4mmerung beizuwohnen. Duisburg, ihr seid klasse!<\/p>\n<p>Es war gro\u00dfartig. Ein Orchester in Wagnergr\u00f6\u00dfe, also 110 Musiker und Musikerinnen (oder sogar noch mehr?), exzellente Solisten, der hervorragende Chor, ein gro\u00dfartiges Dirigat. Von Musik habe ich keine Ahnung, ich habe kein Musikgeh\u00f6r, also kann ich kein Urteil f\u00e4llen oder n\u00e4her auf die einzelnen Leistungen eingehen, das w\u00e4re vermessen. Ich bin nur passionierte Wagnerianerin, aber eines wei\u00df ich: Ich war von allen begeistert!<\/p>\n<p>Es war im Zuschauerraum, vor allem vorne, recht hell (die Musiker auf der B\u00fchne brauchen ja Licht). Das hat mich leider daran gehindert, wie sonst tief in der Handlung zu versinken. Mir ist es am allerliebsten, wenn ich in der Oper alles um mich herum vergesse. Daf\u00fcr war es aber sehr interessant, einmal genau zu erleben, wie diese erhabene Musik eigentlich &#8222;gemacht&#8220; wird, wie und wann ein Dirigent Zeichen gibt, usw.<\/p>\n<p>Am Ende war das ganze Publikum so ergriffen, dass wohl sieben bis zehn Sekunden geschwiegen wurde. Vielleicht sogar noch mehr. F\u00fcr Opernverh\u00e4ltnisse ist das eine unglaublich lange Zeit! Der Applaus fiel dann auch geb\u00fchrend frenetisch aus. So muss es sein!<\/p>\n<p>Danach lud man alle zur Premierenfeier im Foyer. Dort wurden die Mitwirkenden noch einmal alle vorgestellt, und die Zuschauer hatten die Gelegenheit, sie sogar anzusprechen! (Echte Operns\u00e4nger! Aaaah! Ich hatte vorher noch nie mit echten Operns\u00e4ngern gesprochen!) Sie waren alle sehr nett \ud83d\ude42<\/p>\n<p>Also, alles G\u00f6tterd\u00e4mmerung!<\/p>\n<p>Die n\u00e4chste wird Nummer zehn sein. Noch habe ich keine Karte gekauft, denn die G\u00f6tterd\u00e4mmerungen in der N\u00e4he sind mir entweder zu klein (reduziertes Orchester) oder zu Regietheater. Hoffentlich gibt es demn\u00e4chst eine wundervolle, altmodische, pr\u00e4chtige Inszenierung, mit Speeren, und schwarzer B\u00fchne (B\u00fchnenbild braucht&#8217;s f\u00fcr mich nicht) und meinen Lieblingss\u00e4ngern!!!!!!!!<\/p>\n<div id=\"attachment_574\" style=\"width: 235px\" class=\"wp-caption alignnone\"><img aria-describedby=\"caption-attachment-574\" decoding=\"async\" loading=\"lazy\" class=\"size-medium wp-image-574\" src=\"http:\/\/www.lili-vogel.de\/wordpress\/wp-content\/uploads\/2019\/05\/IMG_20190505_232411-Kopie-225x300.jpg\" alt=\"\" width=\"225\" height=\"300\" srcset=\"http:\/\/www.lili-vogel.de\/wordpress\/wp-content\/uploads\/2019\/05\/IMG_20190505_232411-Kopie-225x300.jpg 225w, http:\/\/www.lili-vogel.de\/wordpress\/wp-content\/uploads\/2019\/05\/IMG_20190505_232411-Kopie-768x1024.jpg 768w, http:\/\/www.lili-vogel.de\/wordpress\/wp-content\/uploads\/2019\/05\/IMG_20190505_232411-Kopie-624x832.jpg 624w\" sizes=\"(max-width: 225px) 100vw, 225px\" \/><p id=\"caption-attachment-574\" class=\"wp-caption-text\">Ich nach der G\u00f6tterd\u00e4mmerung<\/p><\/div>\n<p>Zur\u00fcck zu meinem Autorendasein.<\/p>\n<p>Aeterna wurde am 15. Mai zu Ende geschrieben. Inzwischen sind Aeterna wie Kriegsfels fertig diktiert worden. Ab morgen werden sie erst einmal korrigiert. (Dragon war wie immer sehr kreativ.) Au\u00dferdem muss ich endlich f\u00fcr &#8222;Projekt Mexiko&#8220; recherchieren. Die Handlung steht bereits.<\/p>\n<p>Aeterna hat ca. 230 Seiten. Endlich mal mehr!<br \/>\nKriegsfels hat schlappe 100.<br \/>\nAeterna merkt man es sehr an, dass ich Wagnerianerin bin: Es liest sich so wuchtig wie Wagners Opern, und die Figuren muten manchmal sehr statuesk an, als st\u00fcnden sie reglos auf einer B\u00fchne und s\u00e4ngen von Tod und Untergang. Man merkt auch, dass G\u00f6tterd\u00e4mmerung meine Lieblingsoper ist, und zwar nicht nur an den doch recht h\u00e4ufig vorkommenden w\u00f6rtlichen Zitaten, sondern auch an der Handlung: Hier brennt eine halbe Stadt, hier wird pathetisch untergegangen, hier ist die Oberschicht bereit f\u00fcr ihr Ende wie die G\u00f6tter im Saal von Walhall, von den Scheiten der Weltesche umgeben. \u2013 Ich leugne es nicht, hab&#8217;s ja schon immer zugegeben: Ich schreibe Fanfiction. Zu den Habsburgern, Hohenzollern, Nibelungen und zu Wagner. Und zu Papageien.<\/p>\n<p>Weiterhin m\u00f6chte ich mit Projekt Mexiko schreibstilm\u00e4\u00dfig neue Wege gehen. Dazu aber sp\u00e4ter mehr, f\u00fcr heute ist es genug.<\/p>\n","protected":false},"excerpt":{"rendered":"<p>Am 05.05. war ich endlich wieder in einer G\u00f6tterd\u00e4mmerung! Es war bereits meine neunte, und meine erste Premiere! (Normalerweise h\u00e4tte ich nie eine Karte f\u00fcr eine Premiere gekauft, denn beim heutigen Regietheater wei\u00df man nie, ob&#8217;s einem gefallen wird. Schlimmstenfalls wallt man arglos ins Opernhaus, und dann m\u00fcssen die S\u00e4nger alle unter Holzmasken der alemannischen [&hellip;]<\/p>\n","protected":false},"author":1,"featured_media":0,"comment_status":"closed","ping_status":"closed","sticky":false,"template":"","format":"standard","meta":[],"categories":[1],"tags":[],"_links":{"self":[{"href":"http:\/\/www.lili-vogel.de\/wordpress\/wp-json\/wp\/v2\/posts\/572"}],"collection":[{"href":"http:\/\/www.lili-vogel.de\/wordpress\/wp-json\/wp\/v2\/posts"}],"about":[{"href":"http:\/\/www.lili-vogel.de\/wordpress\/wp-json\/wp\/v2\/types\/post"}],"author":[{"embeddable":true,"href":"http:\/\/www.lili-vogel.de\/wordpress\/wp-json\/wp\/v2\/users\/1"}],"replies":[{"embeddable":true,"href":"http:\/\/www.lili-vogel.de\/wordpress\/wp-json\/wp\/v2\/comments?post=572"}],"version-history":[{"count":3,"href":"http:\/\/www.lili-vogel.de\/wordpress\/wp-json\/wp\/v2\/posts\/572\/revisions"}],"predecessor-version":[{"id":576,"href":"http:\/\/www.lili-vogel.de\/wordpress\/wp-json\/wp\/v2\/posts\/572\/revisions\/576"}],"wp:attachment":[{"href":"http:\/\/www.lili-vogel.de\/wordpress\/wp-json\/wp\/v2\/media?parent=572"}],"wp:term":[{"taxonomy":"category","embeddable":true,"href":"http:\/\/www.lili-vogel.de\/wordpress\/wp-json\/wp\/v2\/categories?post=572"},{"taxonomy":"post_tag","embeddable":true,"href":"http:\/\/www.lili-vogel.de\/wordpress\/wp-json\/wp\/v2\/tags?post=572"}],"curies":[{"name":"wp","href":"https:\/\/api.w.org\/{rel}","templated":true}]}}