{"id":1740,"date":"2025-06-04T15:52:26","date_gmt":"2025-06-04T13:52:26","guid":{"rendered":"http:\/\/www.lili-vogel.de\/wordpress\/?p=1740"},"modified":"2025-06-04T19:57:18","modified_gmt":"2025-06-04T17:57:18","slug":"mein-leben-versinkt-noch-mehr-im-chaos-aber-wenigstens-haben-wir-wieder-einen-papst","status":"publish","type":"post","link":"http:\/\/www.lili-vogel.de\/wordpress\/2025\/06\/04\/mein-leben-versinkt-noch-mehr-im-chaos-aber-wenigstens-haben-wir-wieder-einen-papst\/","title":{"rendered":"Mein Leben versinkt noch mehr im Chaos, aber wenigstens haben wir wieder einen Papst!"},"content":{"rendered":"\n<p>Es ist Zeit f\u00fcr ein kurzes Lebenszeichen von mir. Verzeiht, dass dieser Blogartikel schlecht geschrieben und unzusammenh\u00e4ngend ist \u2013 doch ein annehmbarer Artikel w\u00fcrde viel Zeit brauchen, und daf\u00fcr fehlt mir die Kraft. Vielleicht werde ich ihn auch sp\u00e4ter wieder l\u00f6schen, wenn er mir dann peinlich ist. Alles, was ich geschrieben habe, wird mir \u00fcber kurz oder lang peinlich. Besonders das Worms-Buch.<\/p>\n\n\n\n<p>Bis Anfang Februar habe ich hier mehrere neue Kapitel f\u00fcrs Worms-Buch 4 einstellen k\u00f6nnen. Dann verlor ich wieder alle Energie. Der Februar ging schlie\u00dflich in den M\u00e4rz \u00fcber, meinen Geburtstagsmonat. Inzwischen ist jeder neue Geburtstag mit einer depressiven Phase verbunden, denn mit jedem Jahr, das ich \u00e4lter werde, tritt noch deutlicher zutage, dass ich in jeglicher Hinsicht gescheitert bin. Meine Altergenossinnen und -genossen sind erfolgreich, stehen mitten im Leben, haben sich ihre Tr\u00e4ume erf\u00fcllt usw. Ich dagegen habe es zu nichts gebracht.<\/p>\n\n\n\n<p>Au\u00dferdem bekomme ich jetzt Falten! Das ist sehr frustrierend. Meine Mum sagt, sie sehe noch keine, aber ich sehe sie genau! Tiefe Zornfalten. Lachfalten dagegen bekomme ich keine \u2013 logischerweise.<br>Ich habe mir neue Hautpflegemittel aus S\u00fcdkorea gekauft, die hoffentlich helfen werden.<\/p>\n\n\n\n<p>Im \u00dcbrigen haben ein paar Menschen mehrere Worms-B\u00fccher gekauft. Vielen Dank daf\u00fcr! Ich hoffe, es gef\u00e4llt euch, und ich m\u00f6chte mich gleich entschuldigen, falls es doch nicht gefallen hat.<\/p>\n\n\n\n<p>Nachdem ich das Geburtstagstief endlich \u00fcberwunden hatte, kam ein neues Drama: Ein Bekannter sagte mir, dass ich es anderen Menschen g\u00f6nnen solle, wenn sie sich des Nibelungenthemas kreativ annehmen \u2013 vor allem dem Filmstudio und einem gewissen Bestsellerautor. Diese Menschen seien nun einmal kreativ, darum \u00e4nderten sie auch viele Dinge ab. (F\u00fcr mich hie\u00df das somit: Ich bin nicht kreativ, ich darf mich dieses Themas nicht annehmen, ich bin unf\u00e4hig und kann nichts.)<\/p>\n\n\n\n<p>Im Gespr\u00e4ch mit dem Bekannten entstand bei mir der Eindruck, er spreche mir die Erlaubnis ab, &#8222;B\u00fccher&#8220; nach Motiven des Nibelungenliedes zu schreiben, aber spreche jedem sonst das Recht zu, sich mit dieser Materie zu befassen. Das hat mich sehr gedem\u00fctigt. Wie ihr wisst, hasse ich Verf\u00e4lschungen des Epos! Das Filmstudio und der Beststellerautor bewerben ihre Kreationen, als w\u00e4ren sie die wahre Geschichte, nicht eine tief ver\u00e4nderte Variante! Und ein argloser Zuschauer oder Leser, der keine weitreichenden Kenntnisse vom Nibelungenlied hat, glaubt ihnen. Man kann nicht verlangen, dass ein normaler Mensch, der sich zum ersten Mal mit diesem bekannten Werk der deutschen Kultur auseinandersetzen m\u00f6chte, sich gleich tief in die Materie einliest, um zu erkennen, dass es verschiedene Varianten gibt, und die Romane und Filme der letzten Jahrzehnte ganz weit vom Epos abweichen. Also wird die entstellte Filmvariante f\u00fcr viele Menschen, wenn nicht gar ganze Generationen, zur Originalversion der Nibelungengeschichte werden! Den Zuschauern kann man das, wie gesagt, nicht zum Vorwurf machen \u2013 aber den Filmstudioleuten und dem Autor H., die das Publikum bewusst t\u00e4uschen!<\/p>\n\n\n\n<p>Das ist der Unterschied zu meiner Geschichte: Ich sage gef\u00fchlt zum tausendsten Mal, dass meine Variante nur eine Zusatzgeschichte ist, Fanfiction, das Epos nicht anzutasten vermag, und so weiter. Wer hier \u00f6fter mitliest, wei\u00df, was ich meine.<\/p>\n\n\n\n<p>Also war ich 2 Wochen lang wieder zutiefst ersch\u00fcttert und habe meine Machwerke wieder einmal aus dem Internet genommen. Gro\u00dfes Drama eben.<br>Irgendwann haben wir uns dann ausgesprochen: Mein Bekannter hat nichts b\u00f6se gemeint, er meinte z. B., ich solle mich um meiner selbst Willen nicht \u00e4rgern, ich sei ebenfalls kreativ, er finde es toll, was ich gemacht habe usw. Ich war dann auch vers\u00f6hnt \u2013 doch es ist trotzdem ein neuer Schlag gewesen, und allm\u00e4hlich vergesse ich die freundlichen Dinge, die er gesagt hat, und kann mich nur noch an meine eigene Interpretation seiner Aussagen erinnern.<\/p>\n\n\n\n<p>Beruflich ist meine Lage \u00e4hnlich finster wie bei vielen anderen Menschen in Deutschland.<\/p>\n\n\n\n<p>Viele weitere Entwicklungen in meinem Leben bringen nur neue Arbeit, M\u00fchen, Anstrengungen. Der Umgang mit fremden Menschen raubt mir alle Kr\u00e4fte; die Nervosit\u00e4t davor und die Ersch\u00f6pfung und der Zorn danach erstrecken sich \u00fcber Tage, an denen ich  weder etwas lesen noch sonst etwas Sinnvolles tun kann. F\u00fcrs Worms-Buch habe ich erst recht keine Kraft mehr.<br>Immer, wenn ich versuche, ein wenig Ordnung in mein Dasein zu bringen, kommt von au\u00dfen noch mehr Chaos, Stress und Drama. Und leider ist es immer das Worms-Buch, das als erstes zur\u00fccktreten muss. Zudem neigen fremde Menschen dazu, mich zu verspotten und mir gleich bei der ersten Interaktion zu zeigen, wie dumm und bl\u00f6d sie mich finden. Und wie miserabel das alles wieder formuliert ist! Ich kann nicht schreiben.<\/p>\n\n\n\n<p>Dann kam der Tod von Papst Franziskus. Ich habe geweint, als ich davon erfuhr. Ich schaute viele Sondersendungen, und sein Requiem habe ich von Anfang bis zum Ende angeschaut; anders als damals bei Papst Benedikt, wo ich \u00fcberhaupt nichts anschauen wollte, weder das Requiem noch Sondersendungen, gar nichts. Wir haben auch alle Zeitungsartikel \u00fcber Franziskus ausgeschnitten und sie in eine Schachtel gelegt, zu den Zeitungsartikeln \u00fcber Benedikt.<\/p>\n\n\n\n<p>Doch wie Domenico Tardini in seinem kleinen B\u00fcchlein \u00fcber Pius XII. zitierte: &#8222;Die P\u00e4pste sterben, der Papst stirbt nicht.&#8220; Papst Franziskus ist heimgekehrt. Die Welt wird einen neuen Papst bekommen.<\/p>\n\n\n\n<p>Ich war traurig, aber auch voller Hoffnung und Vorfreude auf den neuen Pontifex. So h\u00e4tte es sich Franziskus gewiss auch gew\u00fcnscht: nach vorne schauen.<\/p>\n\n\n\n<p>Und dann kam die Wahl von Leo XIV.<\/p>\n\n\n\n<p>Das Konklave von Franziskus habe ich damals nicht mitverfolgt, da ich beleidigt war wegen Benedikts R\u00fccktritt. Im Laufe der Zeit haben meine Mum und ich uns an Franziskus gew\u00f6hnt. Nat\u00fcrlich war er, der Extravertierte, der vieles anders machte, unseren Herzen nie so nah wie der Vorg\u00e4nger. (Und seinen Umgang mit G\u00e4nswein hie\u00dfen wir keinesfalls gut). Sp\u00e4ter las ich das Buch &#8222;El sucesor&#8220; von Franziskus \u00fcber Benedikt, und seitdem bin ich 100 Prozent \u00fcberzeugt, dass Franziskus Benedikt wirklich so sehr sch\u00e4tzte, wie er immer gesagt hat.<br>Auff\u00e4llig ist, dass wir, wenn wir \u00fcber Franziskus sprachen, meistens nicht sagten: &#8222;der Papst&#8220; sondern &#8222;der Franziskus&#8220; (wir sind Schwaben, da stellt man immer einen Artikel vor den Namen). &#8222;Der Papst&#8220; war meistens reserviert f\u00fcr Benedikt; bei allen anderen hie\u00df es &#8222;Papst (Name)&#8220;.<\/p>\n\n\n\n<p>Leo! Wir hatten Prognosen aufgestellt, wie der neue Papst hei\u00dfen w\u00fcrde, woher er kommen w\u00fcrde, wann er gew\u00e4hlt werden und wo er wohnen w\u00fcrde.<br>Meine Eltern und mein Bruder meinten, er w\u00fcrde aus Europa kommen; ich vermutete Afrika (Kardinal Turkson war mein Favorit gewesen. Aber mein allergr\u00f6\u00dfte Hoffnung war, dass die Kardin\u00e4le beschlie\u00dfen w\u00fcrden, diesmal jemanden von au\u00dferhalb zu w\u00e4hlen, und zwar Georg G\u00e4nswein). Meine Mum und mein Bruder glaubten, der Nachfolger Petri w\u00fcrde am zweiten Tag gew\u00e4hlt werden; ich entschied mich f\u00fcr den dritten und mein Vater f\u00fcr den siebten Tag. Beim Namen hatte ich vor einiger Zeit schon erw\u00e4hnt, dass Johannes der h\u00e4ufigste Papstname ist; also nahm ich aus Gr\u00fcnden der Statistik Johannes. Meine Eltern schlossen sich an. Mein Bruder entschied sich f\u00fcr Gregor, um mir eine Freude zu machen, da Gregor VII. einer meiner Lieblingsp\u00e4pste ist.<\/p>\n\n\n\n<p>Mein Vater und ich lagen mit allem falsch, meine Mum und mein Bruder haben immerhin den Tag der Wahl erraten. Nur den Wohnort, den Papstpalast, hatten wir alle richtig!<\/p>\n\n\n\n<p>Meine Eltern und ich haben die Verk\u00fcndung des neuen Papstes gemeinsam angeschaut, und mein Bruder bei sich daheim ebenfalls. Es war ein historischer Augenblick! Der Papst gab sich den Namen Leo: wie der liebensw\u00fcrdige Gioacchino Pecci, den man auf einer der \u00e4ltesten Filmaufnahmen so v\u00e4terlich segnen sieht &lt;3. Leo XIII., der Papst der Arbeiterf\u00fcrsorge, der humorvolle Intellektuelle, der den Kulturkampf mit Bismarck beendete und zu einem hohen runden Priesterjubli\u00e4um eine Mitra trug, die ihm der Protestant Wilhelm I. geschenkt hatte!<\/p>\n\n\n\n<p>Jetzt konnte man sehen, wie das Rad der Geschichte sich weiterdrehte, wie auf Leo XIII. ein neuer Leo folgte, die lange Reihe der Nachfolger Petri um einen Namen gewachsen ist.<\/p>\n\n\n\n<p>Im ersten Moment auch ein Wermutstropfen: ein US-Amerikaner! M\u00fcssen sie denn alles haben? Doch meine Sorgen vergingen im n\u00e4chsten Augenblick:<\/p>\n\n\n\n<p>Als er dann auf den Balkon trat mit der traditionellen Mozetta, gekleidet wie seinerzeit Benedikt, war ich zu Tr\u00e4nen ger\u00fchrt! Seine ersten Worten waren so unglaublich p\u00e4pstlich: &#8222;Der Friede des Herrn sei mit euch allen!&#8220;<br>Habemus papam! Eine neue Person der Geschichte ist entstanden!<\/p>\n\n\n\n<p>Es war so wunder-, wundersch\u00f6n.<\/p>\n\n\n\n<p>Ach, Leo! Au\u00dferdem ist f\u00fcr meine Eltern die beeindruckende Situation eingetreten, dass sie fast so alt oder \u00c4LTER sind als der Papst! Ich habe meinen Vater gefragt, ob ihm das nicht zu denken gibt, dass der Papst nun j\u00fcnger ist, schlie\u00dflich ist das ein Meilenstein, der schwerer wiegt als jeder runde Geburtstag. Seine Reaktion: N\u00f6. \u2013 Na dann!<\/p>\n\n\n\n<p>Papst, Papst, Papst! Ich habe Leos erste Messe angeschaut, und die Amtseinf\u00fchrung, die Besitzergreifung von San Giovanni in Laterano, die Messe mit Priesterweihe, die Messe zum Tag der Familien sowie den Auftritt am Ende des Rosenkranzes zum Ausklang des Marienmonats Mai und seinen Gru\u00df an die Teilnehmer des Giro d&#8217;Italia.<\/p>\n\n\n\n<p>Au\u00dferdem lese ich zur Zeit ein Buch von Prof. Andrea Riccardi \u00fcber Pius XII. auf Italienisch. Und st\u00e4ndig erz\u00e4hlen meine Mum und ich uns Erinnerungen an Benedikt. Das neue Buch \u00fcber Leo XIV. habe ich bereits gelesen. (Die Biographie von Prof. J\u00f6rg Ernesti \u00fcber Leo XIII. steht schon seit letztem Jahr oder so in meinem Regal).<\/p>\n\n\n\n<p>Habt ihr gesehen, dass ihm eine Frau einen Strickpapst zugeworfen hat? Sucht es im Internet, soooo s\u00fc\u00df!<\/p>\n\n\n\n<p>Ich habe \u00fcbrigens einen Whatsapp-Kanal erstellt, auf dem ich die B\u00fccher poste, die ich gelesen habe. Falls mir jemand folgen m\u00f6chte. Bis jetzt habe ich 2 Abonnenten, meine Mum und meinen Bruder.<\/p>\n","protected":false},"excerpt":{"rendered":"<p>Es ist Zeit f\u00fcr ein kurzes Lebenszeichen von mir. Verzeiht, dass dieser Blogartikel schlecht geschrieben und unzusammenh\u00e4ngend ist \u2013 doch ein annehmbarer Artikel w\u00fcrde viel Zeit brauchen, und daf\u00fcr fehlt mir die Kraft. Vielleicht werde ich ihn auch sp\u00e4ter wieder l\u00f6schen, wenn er mir dann peinlich ist. Alles, was ich geschrieben habe, wird mir \u00fcber [&hellip;]<\/p>\n","protected":false},"author":1,"featured_media":0,"comment_status":"closed","ping_status":"closed","sticky":false,"template":"","format":"standard","meta":[],"categories":[1],"tags":[],"_links":{"self":[{"href":"http:\/\/www.lili-vogel.de\/wordpress\/wp-json\/wp\/v2\/posts\/1740"}],"collection":[{"href":"http:\/\/www.lili-vogel.de\/wordpress\/wp-json\/wp\/v2\/posts"}],"about":[{"href":"http:\/\/www.lili-vogel.de\/wordpress\/wp-json\/wp\/v2\/types\/post"}],"author":[{"embeddable":true,"href":"http:\/\/www.lili-vogel.de\/wordpress\/wp-json\/wp\/v2\/users\/1"}],"replies":[{"embeddable":true,"href":"http:\/\/www.lili-vogel.de\/wordpress\/wp-json\/wp\/v2\/comments?post=1740"}],"version-history":[{"count":37,"href":"http:\/\/www.lili-vogel.de\/wordpress\/wp-json\/wp\/v2\/posts\/1740\/revisions"}],"predecessor-version":[{"id":1777,"href":"http:\/\/www.lili-vogel.de\/wordpress\/wp-json\/wp\/v2\/posts\/1740\/revisions\/1777"}],"wp:attachment":[{"href":"http:\/\/www.lili-vogel.de\/wordpress\/wp-json\/wp\/v2\/media?parent=1740"}],"wp:term":[{"taxonomy":"category","embeddable":true,"href":"http:\/\/www.lili-vogel.de\/wordpress\/wp-json\/wp\/v2\/categories?post=1740"},{"taxonomy":"post_tag","embeddable":true,"href":"http:\/\/www.lili-vogel.de\/wordpress\/wp-json\/wp\/v2\/tags?post=1740"}],"curies":[{"name":"wp","href":"https:\/\/api.w.org\/{rel}","templated":true}]}}