{"id":1166,"date":"2020-11-25T16:25:29","date_gmt":"2020-11-25T15:25:29","guid":{"rendered":"http:\/\/www.lili-vogel.de\/wordpress\/?p=1166"},"modified":"2020-11-26T11:49:49","modified_gmt":"2020-11-26T10:49:49","slug":"viele-buecher-und-zwei-skulpturen","status":"publish","type":"post","link":"http:\/\/www.lili-vogel.de\/wordpress\/2020\/11\/25\/viele-buecher-und-zwei-skulpturen\/","title":{"rendered":"Viele B\u00fccher und zwei Skulpturen"},"content":{"rendered":"\n<p>Gestern, am 24. November, habe ich &#8222;K\u00f6nigin der Ruinen&#8220; fertiggemacht. Die Schlussszene musste noch etwas verl\u00e4ngert werden. Die letzten geschriebenen W\u00f6rter waren irgendwas \u00e0 la &#8222;brach der Untergang an&#8220; oder so.<br>Heute habe ich mit dem Abtippen von &#8222;Ein Galgen f\u00fcr den Kaiser&#8220; begonnen. Das mag zwar antimonarchistisch klingen, l\u00e4sst den darin auftretenden Kaiser jedoch als Helden sterben. Der Titel soll halt Interesse wecken, und mir fiel nichts anderes ein, das einen halben Ausblick auf die Handlung gew\u00e4hrt.<\/p>\n\n\n\n<p>Au\u00dferdem habe ich diese Woche ein paar B\u00fccher abgeholt, auf die ich mich schon seit langem gefreut hatte. N\u00e4mlich:<\/p>\n\n\n\n<ul><li>Der Deutsch-Franz\u00f6sische Krieg von M. Epkenhans<\/li><li>Der Deutsch-D\u00e4nische Krieg 1864<\/li><li>Russische Geschichte von G. St\u00f6kl<\/li><li>Theoderich der Gro\u00dfe vom C. H. Beck-Verlag (das gibt es aber erst zu Weihnachten)<\/li><li>Eschatologie von Benedikt XVI.\/Joseph Ratzinger<\/li><\/ul>\n\n\n\n<p>Ein weiteres Buch wollte ich auch noch haben, doch da das Internet st\u00e4ndig weg war, konnte ich es erst sp\u00e4ter bestellen, und jetzt ist es vergriffen und erst ab Mitte Dezember lieferbar! Wie schade! Nur wegen dem Netzbetreiber, dessen Namen f\u00fcr seine Tarife Geschichtsfreunden negativ auffallen, denn es zeugt nicht von Geschichtsbewusstein, einen Namen zu w\u00e4hlen, der au\u00dfer einer Farbe auch mit einer Schlacht verbunden ist.<\/p>\n\n\n\n<p>Das Buch, das erst sp\u00e4ter kommt, ist &#8222;Die Kaiser und die S\u00e4ulen ihrer Macht&#8220;, der gro\u00dfe Katalog zur Ausstellung in Mainz.<\/p>\n\n\n\n<p>Und zudem sind sie heute angekommen, die ich mir schon seit Jahren gew\u00fcnscht, aber erst jetzt bestellt habe: Eine B\u00fcste von Wilhelm I. und eine von Bismarck! 12 und 15 cm. (Einen Wilhelm II. hab ich schon seit Jahren.) Nun stehen sie auf meinem Schreibtisch, auf dem nun <em>noch<\/em> weniger Platz ist, und betrachten mein Wirken mit weisem Blick. Ich hoffe, es gef\u00e4llt ihnen, was ich mache.<\/p>\n","protected":false},"excerpt":{"rendered":"<p>Gestern, am 24. November, habe ich &#8222;K\u00f6nigin der Ruinen&#8220; fertiggemacht. Die Schlussszene musste noch etwas verl\u00e4ngert werden. Die letzten geschriebenen W\u00f6rter waren irgendwas \u00e0 la &#8222;brach der Untergang an&#8220; oder so.Heute habe ich mit dem Abtippen von &#8222;Ein Galgen f\u00fcr den Kaiser&#8220; begonnen. Das mag zwar antimonarchistisch klingen, l\u00e4sst den darin auftretenden Kaiser jedoch als [&hellip;]<\/p>\n","protected":false},"author":1,"featured_media":0,"comment_status":"closed","ping_status":"closed","sticky":false,"template":"","format":"standard","meta":[],"categories":[1],"tags":[],"_links":{"self":[{"href":"http:\/\/www.lili-vogel.de\/wordpress\/wp-json\/wp\/v2\/posts\/1166"}],"collection":[{"href":"http:\/\/www.lili-vogel.de\/wordpress\/wp-json\/wp\/v2\/posts"}],"about":[{"href":"http:\/\/www.lili-vogel.de\/wordpress\/wp-json\/wp\/v2\/types\/post"}],"author":[{"embeddable":true,"href":"http:\/\/www.lili-vogel.de\/wordpress\/wp-json\/wp\/v2\/users\/1"}],"replies":[{"embeddable":true,"href":"http:\/\/www.lili-vogel.de\/wordpress\/wp-json\/wp\/v2\/comments?post=1166"}],"version-history":[{"count":4,"href":"http:\/\/www.lili-vogel.de\/wordpress\/wp-json\/wp\/v2\/posts\/1166\/revisions"}],"predecessor-version":[{"id":1172,"href":"http:\/\/www.lili-vogel.de\/wordpress\/wp-json\/wp\/v2\/posts\/1166\/revisions\/1172"}],"wp:attachment":[{"href":"http:\/\/www.lili-vogel.de\/wordpress\/wp-json\/wp\/v2\/media?parent=1166"}],"wp:term":[{"taxonomy":"category","embeddable":true,"href":"http:\/\/www.lili-vogel.de\/wordpress\/wp-json\/wp\/v2\/categories?post=1166"},{"taxonomy":"post_tag","embeddable":true,"href":"http:\/\/www.lili-vogel.de\/wordpress\/wp-json\/wp\/v2\/tags?post=1166"}],"curies":[{"name":"wp","href":"https:\/\/api.w.org\/{rel}","templated":true}]}}